{"id":2462,"date":"2026-01-04T18:22:51","date_gmt":"2026-01-04T17:22:51","guid":{"rendered":"https:\/\/sp78.wroclaw.pl\/?p=2462"},"modified":"2026-01-04T18:30:58","modified_gmt":"2026-01-04T17:30:58","slug":"dyplom-za-udzial-w-ogolnopolskiej-akcji-bohater-on-w-naszej-szkole-2025","status":"publish","type":"post","link":"https:\/\/sp78.wroclaw.pl\/index.php\/2026\/01\/04\/dyplom-za-udzial-w-ogolnopolskiej-akcji-bohater-on-w-naszej-szkole-2025\/","title":{"rendered":"Dyplom za udzia\u0142 w Og\u00f3lnopolskiej Akcji BohaterON w naszej szkole 2025"},"content":{"rendered":"<p>Nasza Szko\u0142a i koordynatorzy otrzymali dyplomy za udzia\u0142 w og\u00f3lnopolskiej akcji BOHATER ON W TWOJEJ SZKOLE 2025, upami\u0119tniaj\u0105cej 81.rocznic\u0119 wybuchu Powstania Warszawskiego . Dzi\u0119ki udzia\u0142owi w akcji uczniowie w spos\u00f3b tw\u00f3rczy i emocjonalny w\u0142\u0105czyli si\u0119 w piel\u0119gnowanie pami\u0119ci o bohaterach Powstania Warszawskiego, a zaj\u0119cia sta\u0142y si\u0119 inspiruj\u0105c\u0105 lekcj\u0105 historii i patriotyzmu.<\/p>\n<p><img loading=\"lazy\" decoding=\"async\" class=\"wp-image-2461 alignnone\" src=\"http:\/\/sp78.wroclaw.pl\/wp-content\/uploads\/2026\/01\/Beige-Minimalist-Mood-Photo-Collage-683x1024.jpg\" alt=\"\" width=\"333\" height=\"500\" srcset=\"https:\/\/sp78.wroclaw.pl\/wp-content\/uploads\/2026\/01\/Beige-Minimalist-Mood-Photo-Collage-683x1024.jpg 683w, https:\/\/sp78.wroclaw.pl\/wp-content\/uploads\/2026\/01\/Beige-Minimalist-Mood-Photo-Collage-768x1152.jpg 768w, https:\/\/sp78.wroclaw.pl\/wp-content\/uploads\/2026\/01\/Beige-Minimalist-Mood-Photo-Collage-1024x1536.jpg 1024w, https:\/\/sp78.wroclaw.pl\/wp-content\/uploads\/2026\/01\/Beige-Minimalist-Mood-Photo-Collage-1140x1710.jpg 1140w, https:\/\/sp78.wroclaw.pl\/wp-content\/uploads\/2026\/01\/Beige-Minimalist-Mood-Photo-Collage.jpg 1333w\" sizes=\"auto, (max-width: 333px) 100vw, 333px\" \/><\/p>\n","protected":false},"excerpt":{"rendered":"<p>Nasza Szko\u0142a i koordynatorzy otrzymali dyplomy za udzia\u0142 w og\u00f3lnopolskiej akcji BOHATER ON W TWOJEJ SZKOLE 2025, upami\u0119tniaj\u0105cej 81.rocznic\u0119 wybuchu Powstania Warszawskiego . Dzi\u0119ki udzia\u0142owi w akcji uczniowie w spos\u00f3b tw\u00f3rczy i emocjonalny w\u0142\u0105czyli si\u0119 w piel\u0119gnowanie pami\u0119ci o bohaterach Powstania Warszawskiego, a zaj\u0119cia sta\u0142y si\u0119 inspiruj\u0105c\u0105 lekcj\u0105 historii i patriotyzmu.<\/p>\n","protected":false},"author":2,"featured_media":0,"comment_status":"open","ping_status":"open","sticky":false,"template":"","format":"standard","meta":{"footnotes":""},"categories":[1],"tags":[],"class_list":["post-2462","post","type-post","status-publish","format-standard","hentry","category-bez-kategorii"],"_links":{"self":[{"href":"https:\/\/sp78.wroclaw.pl\/index.php\/wp-json\/wp\/v2\/posts\/2462","targetHints":{"allow":["GET"]}}],"collection":[{"href":"https:\/\/sp78.wroclaw.pl\/index.php\/wp-json\/wp\/v2\/posts"}],"about":[{"href":"https:\/\/sp78.wroclaw.pl\/index.php\/wp-json\/wp\/v2\/types\/post"}],"author":[{"embeddable":true,"href":"https:\/\/sp78.wroclaw.pl\/index.php\/wp-json\/wp\/v2\/users\/2"}],"replies":[{"embeddable":true,"href":"https:\/\/sp78.wroclaw.pl\/index.php\/wp-json\/wp\/v2\/comments?post=2462"}],"version-history":[{"count":3,"href":"https:\/\/sp78.wroclaw.pl\/index.php\/wp-json\/wp\/v2\/posts\/2462\/revisions"}],"predecessor-version":[{"id":2466,"href":"https:\/\/sp78.wroclaw.pl\/index.php\/wp-json\/wp\/v2\/posts\/2462\/revisions\/2466"}],"wp:attachment":[{"href":"https:\/\/sp78.wroclaw.pl\/index.php\/wp-json\/wp\/v2\/media?parent=2462"}],"wp:term":[{"taxonomy":"category","embeddable":true,"href":"https:\/\/sp78.wroclaw.pl\/index.php\/wp-json\/wp\/v2\/categories?post=2462"},{"taxonomy":"post_tag","embeddable":true,"href":"https:\/\/sp78.wroclaw.pl\/index.php\/wp-json\/wp\/v2\/tags?post=2462"}],"curies":[{"name":"wp","href":"https:\/\/api.w.org\/{rel}","templated":true}]}}